{"id":8459,"date":"2021-12-04T13:55:14","date_gmt":"2021-12-04T12:55:14","guid":{"rendered":"https:\/\/www.rathgeber-balance.de\/bloggen\/?p=8459"},"modified":"2021-12-05T11:12:45","modified_gmt":"2021-12-05T10:12:45","slug":"perspektivenwechsel","status":"publish","type":"post","link":"https:\/\/www.rathgeber-balance.de\/bloggen\/impressionen\/perspektivenwechsel\/","title":{"rendered":"Perspektivenwechsel"},"content":{"rendered":"<p><img loading=\"lazy\" decoding=\"async\" class=\"alignleft size-full wp-image-8440\" src=\"http:\/\/www.rathgeber-balance.de\/bloggen\/wp-content\/uploads\/2021\/11\/Brunnen-2blog.jpg\" alt=\"\" width=\"250\" height=\"375\" srcset=\"https:\/\/www.rathgeber-balance.de\/bloggen\/wp-content\/uploads\/2021\/11\/Brunnen-2blog.jpg 250w, https:\/\/www.rathgeber-balance.de\/bloggen\/wp-content\/uploads\/2021\/11\/Brunnen-2blog-200x300.jpg 200w\" sizes=\"auto, (max-width: 250px) 100vw, 250px\" \/>Am Ende des Jahres lohnt es sich, einen Blick zur\u00fcckzuwerfen.<!--more--><\/p>\n<p>Wie sch\u00f6n doch die Heckenrose im Fr\u00fchsommer gebl\u00fcht hat, auch wenn sich nun \u2013 im zeitigen Winter \u2013 gefrorene Wasserfl\u00e4chen dekorativ im Garten machen.<\/p>\n<p>Wie sich die Kr\u00e4uterbeete ver\u00e4ndert haben. Eben noch hat es w\u00fcrzig geduftet und der Schmetterlingsstrauch hat sein Bl\u00fctennetz ausgebreitet.<br \/>\nEin Vergleich im Winter- und duftigen Sommerkleid zeigt, dass beides seinen Reiz hat.<br \/>\nWenn Lavendelspitzen aus dem Schnee ragen und ihre Farbe verraten, da ich nicht alle Bl\u00fcten abgeschnitten habe.<br \/>\nKr\u00e4uterbeete bieten auch im Herbst und Winter einen dekorativen Anblick, da Stauden und stabile Gew\u00fcrzpflanzen wie Salbei und Rosmarin, nat\u00fcrlich gut in Reisig eingepackt, Struktur geben.<\/p>\n<p><img loading=\"lazy\" decoding=\"async\" class=\"alignleft size-full wp-image-8442\" src=\"http:\/\/www.rathgeber-balance.de\/bloggen\/wp-content\/uploads\/2021\/11\/Kraeuterbeetblog.jpg\" alt=\"\" width=\"250\" height=\"375\" srcset=\"https:\/\/www.rathgeber-balance.de\/bloggen\/wp-content\/uploads\/2021\/11\/Kraeuterbeetblog.jpg 250w, https:\/\/www.rathgeber-balance.de\/bloggen\/wp-content\/uploads\/2021\/11\/Kraeuterbeetblog-200x300.jpg 200w\" sizes=\"auto, (max-width: 250px) 100vw, 250px\" \/>Prachtkerzen, die sich im sandigen Boden zwischen Kr\u00e4utern kr\u00e4ftig ausgebereitet haben, tragen noch immer Bl\u00fctenst\u00e4nde, die einen Hauch von Farbe zeigen.<br \/>\nDie hohen Rispen des Eisenkrautes tanzen im Wind. Wenn es schneit, st\u00fclpen sich \u00fcber die Fruchtst\u00e4nde dicke Hauben.<\/p>\n<p>Auch am Teich l\u00e4sst sich gut der Wechsel der Jahreszeiten verfolgen. Er hat sich zu einem zentralen Punkt des Gartens herausgebildet, wobei er urspr\u00fcnglich als \u201eT\u00fcmpel\u201c gedacht war.<br \/>\nBesonders in der licht- und bl\u00fctenarmen Winterzeit zieht er Blicke auf sich, wenn Wasser an manchen Stellen zu gl\u00e4nzendem Eis erstarrt, sich eine d\u00fcnne Schneeschicht auf den Oberfl\u00e4chen ausbreitet oder gar der Wasserfall zu gefrieren beginnt.<\/p>\n<p><img loading=\"lazy\" decoding=\"async\" class=\"alignleft size-full wp-image-8444\" src=\"http:\/\/www.rathgeber-balance.de\/bloggen\/wp-content\/uploads\/2021\/11\/Teich-im-Wandelblog.jpg\" alt=\"\" width=\"250\" height=\"375\" srcset=\"https:\/\/www.rathgeber-balance.de\/bloggen\/wp-content\/uploads\/2021\/11\/Teich-im-Wandelblog.jpg 250w, https:\/\/www.rathgeber-balance.de\/bloggen\/wp-content\/uploads\/2021\/11\/Teich-im-Wandelblog-200x300.jpg 200w\" sizes=\"auto, (max-width: 250px) 100vw, 250px\" \/>Am sch\u00f6nsten ist der Teich im Fr\u00fchjahr, wenn Schl\u00fcsselblumen in der Uferzone zu bl\u00fchen beginnen, gefolgt von pinkfarbenen Kugelprimeln, den violetten Sumpforchideen, oder im Fr\u00fchsommer, wenn die Irisbl\u00fcte zahlreiche Schmetterlinge und Libellen anzieht.<\/p>\n<p>Was ist in der Naturk\u00fcche entstanden, auch f\u00fcr die Wellness?<br \/>\nLavendel als \u00d6lauszug, Rosenbl\u00fcten von alten Damaszener-Duftrosen in Jojoba\u00f6l eingelegt und als Tinktur, um Naturkosmetikprodukte zu konservieren. Arnika in Alkohol, hilfreich bei M\u00fcckenstichen. Viele M\u00fccken gab es nicht.<\/p>\n<p>Johannisbeergelee und Gelee aus Zierquitten, wobei letzteres sehr sauer schmeckt und sich darum zum Backen eignet. Beispielsweise f\u00fcr den Apfelkuchen als Glasur oder unter einem Schokoladen\u00fcberzug d\u00fcnn aufgetragen.<\/p>\n<p>Ein Lik\u00f6r ist Minimum im Gartenjahr und heuer ist die Wahl auf Zitronenverbene <em>Aloysia citrodora<\/em> gefallen. Es ist ein altes K\u00fcchen- und Heilkraut, das im Kr\u00e4utergarten viele Bienen und Schmetterlinge anzieht.<br \/>\nZitronenverbenen-Lik\u00f6r (Verveine Liqueur) ist ein typisch franz\u00f6sisches Getr\u00e4nk, das gerne als Digestiv genossen wird. Man kann den Lik\u00f6r zu den Arzneilik\u00f6ren z\u00e4hlen, welche traditionell\u00a0mit Bl\u00fcten, Bl\u00e4ttern, Fr\u00fcchten und Wurzeln angesetzt werden.<\/p>\n<p>Eine Apothekerrose, <em>Rosa gallica Officinalis,<\/em> ist im Garten eingezogen. Sie bekommt im Fr\u00fchsommer karminrote Bl\u00fcten mit auff\u00e4lligem Duft. Die historische Rose kann gut als Solit\u00e4rstrauch gehalten werden und passt in den naturnahen Garten.<br \/>\nIhren Namen bekam diese Rose, weil alle Teile der Pflanze f\u00fcr medizinische Zwecke genutzt und auch das kostbare \u00e4therische Rosen\u00f6l gewonnen wurde. So ist es auch heute \u00fcblich.<\/p>\n<p>Die Blumenwiese wurde durch einige Stauden bereichert, die im Sommer und Herbst bl\u00fchen wie Bergminze, Storchschnabel, Skabiosen und Echter Quendel. Auf die Blumenwiese freue ich mich besonders wieder im neuen Gartenjahr, da sie sich stetig ver\u00e4ndert.<\/p>\n<p><img loading=\"lazy\" decoding=\"async\" class=\"alignleft size-full wp-image-8460\" src=\"http:\/\/www.rathgeber-balance.de\/bloggen\/wp-content\/uploads\/2021\/12\/IMG_1654bsblog.jpg\" alt=\"\" width=\"300\" height=\"216\" \/>Nun ist der Garten f\u00fcr den Winter gerichtet, Lichterketten und Solarlampen sorgen f\u00fcr ein wenig Helligkeit in der einfallenden D\u00e4mmerung.<br \/>\nEin Wettlauf beginnt, wer wohl als Erster die gut versteckte Vogelfutter-Rosette aus festem \u00d6l, feinen K\u00f6rnern und Beeren findet. Das Eichh\u00f6rnchen ist Sieger, es hat sich die Pl\u00e4tze eingepr\u00e4gt und bedient sich am nahegelegenen Vogelh\u00e4uschen. Aber es wird Winterschlaf halten\u2026<\/p>\n<p><img loading=\"lazy\" decoding=\"async\" class=\"alignleft size-full wp-image-8463\" src=\"http:\/\/www.rathgeber-balance.de\/bloggen\/wp-content\/uploads\/2021\/12\/IMG_1556bsblog.jpg\" alt=\"\" width=\"300\" height=\"200\" \/>Mit diesen Impressionen aus dem Garten \u2013 in der R\u00fcckschau, im Heute und in der Zukunft &#8211; m\u00f6chte ist das Jahr ausklingen lassen.<\/p>\n<p><strong><span style=\"color: #993366;\">Ich w\u00fcnsche eine sch\u00f6ne Adventszeit, ruhige Festtage und Zuversicht.<\/span><\/strong><\/p>\n","protected":false},"excerpt":{"rendered":"<p>Am Ende des Jahres lohnt es sich, einen Blick zur\u00fcckzuwerfen.<\/p>\n","protected":false},"author":1,"featured_media":0,"comment_status":"open","ping_status":"open","sticky":false,"template":"","format":"standard","meta":{"footnotes":""},"categories":[7],"tags":[],"class_list":["post-8459","post","type-post","status-publish","format-standard","hentry","category-impressionen"],"_links":{"self":[{"href":"https:\/\/www.rathgeber-balance.de\/bloggen\/wp-json\/wp\/v2\/posts\/8459","targetHints":{"allow":["GET"]}}],"collection":[{"href":"https:\/\/www.rathgeber-balance.de\/bloggen\/wp-json\/wp\/v2\/posts"}],"about":[{"href":"https:\/\/www.rathgeber-balance.de\/bloggen\/wp-json\/wp\/v2\/types\/post"}],"author":[{"embeddable":true,"href":"https:\/\/www.rathgeber-balance.de\/bloggen\/wp-json\/wp\/v2\/users\/1"}],"replies":[{"embeddable":true,"href":"https:\/\/www.rathgeber-balance.de\/bloggen\/wp-json\/wp\/v2\/comments?post=8459"}],"version-history":[{"count":8,"href":"https:\/\/www.rathgeber-balance.de\/bloggen\/wp-json\/wp\/v2\/posts\/8459\/revisions"}],"predecessor-version":[{"id":8470,"href":"https:\/\/www.rathgeber-balance.de\/bloggen\/wp-json\/wp\/v2\/posts\/8459\/revisions\/8470"}],"wp:attachment":[{"href":"https:\/\/www.rathgeber-balance.de\/bloggen\/wp-json\/wp\/v2\/media?parent=8459"}],"wp:term":[{"taxonomy":"category","embeddable":true,"href":"https:\/\/www.rathgeber-balance.de\/bloggen\/wp-json\/wp\/v2\/categories?post=8459"},{"taxonomy":"post_tag","embeddable":true,"href":"https:\/\/www.rathgeber-balance.de\/bloggen\/wp-json\/wp\/v2\/tags?post=8459"}],"curies":[{"name":"wp","href":"https:\/\/api.w.org\/{rel}","templated":true}]}}