{"id":8674,"date":"2022-07-10T11:15:10","date_gmt":"2022-07-10T09:15:10","guid":{"rendered":"https:\/\/www.rathgeber-balance.de\/bloggen\/?p=8674"},"modified":"2022-07-10T18:52:10","modified_gmt":"2022-07-10T16:52:10","slug":"juli-heumond","status":"publish","type":"post","link":"https:\/\/www.rathgeber-balance.de\/bloggen\/impressionen\/juli-heumond\/","title":{"rendered":"Juli &#8222;Heumond&#8220;"},"content":{"rendered":"<p><em><img loading=\"lazy\" decoding=\"async\" class=\"alignleft size-full wp-image-8687\" src=\"http:\/\/www.rathgeber-balance.de\/bloggen\/wp-content\/uploads\/2022\/07\/IMG_3794Pfauenaugeneu300.jpg\" alt=\"\" width=\"300\" height=\"200\" \/>Sommer \u2013 die Natur streckt ihre F\u00fchler aus und wiegt ihr feines Gl\u00fcck<\/em>.<br \/>\n(Verfasser unbekannt)<!--more--><\/p>\n<p>Auf den Wiesen findet in diesen Wochen die Hauptmahd statt, daher auch der Name \u201eHeumond\u201c.<br \/>\nEs ist die Zeit, in der die Getreideernte beginnt, meist um den \u201eJakobitag\u201c am 25. Juli.<\/p>\n<p><em>\u00a0\u201eUm Jacobi hei\u00df und trocken, kann der Bauersmann frohlocken.\u201c<\/em><br \/>\nWintergerste und Raps sind reif, Ende des Monats folgen Winterroggen und Hafer.<\/p>\n<p>Das Wetter ist recht wechselhaft und bis auf einen einzigen Hitzetag mit hohen Temperaturen auch noch am sp\u00e4teren Abend war die Witterung recht angenehm. Das kann sich jederzeit \u00e4ndern, eine Hitzewelle steht kurz bevor.<\/p>\n<p>Die Stimmung ist wieder anders geworden.<br \/>\nWenn der Wind durch die Bl\u00e4tter f\u00e4hrt und Wolken den Himmel verdunkeln, blitzen erste Gedanken an Herbst auf. Sie verschwinden so schnell, wie sie aufgetaucht sind. Dennoch habe ich schon ein oder zwei rotgef\u00e4rbte Bl\u00e4tter entdeckt.<\/p>\n<p>Rosen sind verbl\u00fcht und setzen zu einer weiteren Runde ein.<br \/>\nAllerdings bl\u00fchen nun Bodendeckerrosen auf und kleiden auch die Untergeh\u00f6lze ein wenig aus.<\/p>\n<p>Hortensien haben ihre Hoch-Zeit und verzaubern den Garten mit lichten Farben und bauschigen Bl\u00fctenb\u00e4llen.<br \/>\nTrockenheit und warme Temperaturen lassen sie schnell leiden.<\/p>\n<p><img loading=\"lazy\" decoding=\"async\" class=\"alignleft size-full wp-image-8682\" src=\"http:\/\/www.rathgeber-balance.de\/bloggen\/wp-content\/uploads\/2022\/07\/Stockrosenzeit-2018-007300.jpg\" alt=\"\" width=\"300\" height=\"450\" srcset=\"https:\/\/www.rathgeber-balance.de\/bloggen\/wp-content\/uploads\/2022\/07\/Stockrosenzeit-2018-007300.jpg 300w, https:\/\/www.rathgeber-balance.de\/bloggen\/wp-content\/uploads\/2022\/07\/Stockrosenzeit-2018-007300-200x300.jpg 200w\" sizes=\"auto, (max-width: 300px) 100vw, 300px\" \/>Nach den zarten Farben des Fr\u00fchlings und Vorsommers folgt nun eine \u00fcppige Vielfalt mit satten T\u00f6nen, stabilen, teils bodenst\u00e4ndigen Bauergartenpflanzen mit festen St\u00e4ngeln wie beispielsweise Stockrosen, auch Malven genannt.<br \/>\nSie verbreiten den Charme alter Tradition, wie man sie in Bauerng\u00e4rten kennt.<br \/>\nMalven wirken besonders gut an einem Palisadenzaun, vor einer Mauer in kleinen Tuffs angeordnet oder auch f\u00fcr sich alleine als Solit\u00e4rstaude.<br \/>\nDas Sch\u00f6nste sind die warmen, erdigen T\u00f6ne, die wie mit der Puderquaste aufgetragen erscheinen. In Kolorationen von Lachs- oder Pfirsichfarben, Hellrosa, Zimt, Rostrot, Bronze hingehaucht, oder von cremigem Wei\u00df.<br \/>\nJede Pflanze lebt nur zwei Jahre. Wie nach einem genau festgelegten Kreislauf der Natur keimt die Pflanze nach dem S\u00e4en und bildet eine zierliche Blattrosette, um im zweiten Sommer zu bl\u00fchen, Samen zu bilden, und nach dem Auss\u00e4en langsam abzusterben. Darum ist es wichtig, immer nachzuziehen, damit der Nachwuchs nicht ausbleibt und auf diese Weise eine durchg\u00e4ngige Bl\u00fctenpracht gew\u00e4hrleistet wird.<\/p>\n<p>Dahlien sind teils aufgebl\u00fcht und wie immer hat es sich bew\u00e4hrt, sie vorzuziehen, damit sie widerstandsf\u00e4higer gegen Schneckenfra\u00df sind.<br \/>\nAls Kurztagpflanzen brauchen sie allerdings eine Phase, in der eine bestimmte Tagesl\u00e4nge unterschritten wird. Der H\u00f6hepunkt liegt noch in weiterer Ferne.<br \/>\nAuch In der Blumenwiese gibt es t\u00e4glich neue \u00dcberraschungen zu entdecken, da vieles nun nach der fr\u00fchen Mahd wieder aufgebl\u00fcht ist.<\/p>\n<p>Es gibt bestimmt G\u00e4rtner, die sich damit zufriedengeben, den Kreislauf der Natur hinzunehmen mit Wachsen, Bl\u00fchen, Welken, um im neuen Jahr wieder zu erscheinen.<br \/>\n<img loading=\"lazy\" decoding=\"async\" class=\"alignleft size-full wp-image-8677\" src=\"http:\/\/www.rathgeber-balance.de\/bloggen\/wp-content\/uploads\/2022\/07\/Lavendelpower300.jpg\" alt=\"\" width=\"300\" height=\"450\" srcset=\"https:\/\/www.rathgeber-balance.de\/bloggen\/wp-content\/uploads\/2022\/07\/Lavendelpower300.jpg 300w, https:\/\/www.rathgeber-balance.de\/bloggen\/wp-content\/uploads\/2022\/07\/Lavendelpower300-200x300.jpg 200w\" sizes=\"auto, (max-width: 300px) 100vw, 300px\" \/>Ich hingegen helfe gerne ein wenig nach, damit die Spannung l\u00e4nger erhalten bleibt.<\/p>\n<p>Was eignet sich derzeit unter den Kr\u00e4utern, um Bl\u00fcten zu konservieren?<br \/>\nEin Lavendelpfl\u00e4nzchen im Kr\u00e4uterbeet hat so lange Triebe dicht mit Bl\u00fcten besetzt bekommen, dass es sich bis zum Boden neigt. Darum schneide ich es ab, um wieder eine Form hineinzubringen, auch wenn es mir schwerf\u00e4llt.<\/p>\n<p>Die vielen Bl\u00fctenrispen habe ich getrocknet, teils f\u00fcr das Aromal\u00e4mpchen, f\u00fcr Kr\u00e4uters\u00e4ckchen und f\u00fcr ein Lavendelmazerat. Dies kann weiterverarbeitet werden in Cremes, Lotionen und in Pflegestiften.<br \/>\nDer krautige Duft ist unschlagbar.<\/p>\n<p>&nbsp;<\/p>\n","protected":false},"excerpt":{"rendered":"<p>Sommer \u2013 die Natur streckt ihre F\u00fchler aus und wiegt ihr feines Gl\u00fcck. (Verfasser unbekannt)<\/p>\n","protected":false},"author":1,"featured_media":0,"comment_status":"open","ping_status":"open","sticky":false,"template":"","format":"standard","meta":{"footnotes":""},"categories":[7],"tags":[],"class_list":["post-8674","post","type-post","status-publish","format-standard","hentry","category-impressionen"],"_links":{"self":[{"href":"https:\/\/www.rathgeber-balance.de\/bloggen\/wp-json\/wp\/v2\/posts\/8674","targetHints":{"allow":["GET"]}}],"collection":[{"href":"https:\/\/www.rathgeber-balance.de\/bloggen\/wp-json\/wp\/v2\/posts"}],"about":[{"href":"https:\/\/www.rathgeber-balance.de\/bloggen\/wp-json\/wp\/v2\/types\/post"}],"author":[{"embeddable":true,"href":"https:\/\/www.rathgeber-balance.de\/bloggen\/wp-json\/wp\/v2\/users\/1"}],"replies":[{"embeddable":true,"href":"https:\/\/www.rathgeber-balance.de\/bloggen\/wp-json\/wp\/v2\/comments?post=8674"}],"version-history":[{"count":11,"href":"https:\/\/www.rathgeber-balance.de\/bloggen\/wp-json\/wp\/v2\/posts\/8674\/revisions"}],"predecessor-version":[{"id":8689,"href":"https:\/\/www.rathgeber-balance.de\/bloggen\/wp-json\/wp\/v2\/posts\/8674\/revisions\/8689"}],"wp:attachment":[{"href":"https:\/\/www.rathgeber-balance.de\/bloggen\/wp-json\/wp\/v2\/media?parent=8674"}],"wp:term":[{"taxonomy":"category","embeddable":true,"href":"https:\/\/www.rathgeber-balance.de\/bloggen\/wp-json\/wp\/v2\/categories?post=8674"},{"taxonomy":"post_tag","embeddable":true,"href":"https:\/\/www.rathgeber-balance.de\/bloggen\/wp-json\/wp\/v2\/tags?post=8674"}],"curies":[{"name":"wp","href":"https:\/\/api.w.org\/{rel}","templated":true}]}}