{"id":8711,"date":"2022-07-31T10:17:31","date_gmt":"2022-07-31T08:17:31","guid":{"rendered":"https:\/\/www.rathgeber-balance.de\/bloggen\/?p=8711"},"modified":"2023-02-01T09:40:05","modified_gmt":"2023-02-01T08:40:05","slug":"miniteich-anlegen","status":"publish","type":"post","link":"https:\/\/www.rathgeber-balance.de\/bloggen\/gartenskizzen\/miniteich-anlegen\/","title":{"rendered":"Miniteich anlegen"},"content":{"rendered":"<p><img loading=\"lazy\" decoding=\"async\" class=\"alignleft size-full wp-image-8693\" src=\"http:\/\/www.rathgeber-balance.de\/bloggen\/wp-content\/uploads\/2022\/07\/IMG_0998b.jpg\" alt=\"\" width=\"300\" height=\"199\" \/>Wir haben einige, teils kleinere Wasserstellen im Garten, die von tierischen Bewohnern nur zu gerne angenommen werden. <!--more-->Auch Hunde stillen ihren Durst oder unser K\u00e4tzchen nippt an der Vogeltr\u00e4nke.<br \/>\nRaben nutzen mit Begeisterung unsere Feuerschale, in der sich Regenwasser sammelt, um alte Semmeln darin aufzuweichen.<\/p>\n<p>Nun m\u00f6chten wir einen Miniteich aus einem halbierten Weinfass anlegen.<br \/>\nEs steckt die Intention dahinter, mit Wasserpflanzen wie beispielsweise Hornblatt (<em>Ceratophyllum demersum<\/em>) oder Wasserlinsenstrauch <em>(Elodea Canadensis)<\/em> zu experimentieren, und Erfahrungen auf den gro\u00dfen Gartenteich zu \u00fcbertragen. Denn die genannten Pflanzen sind nicht nur Sauerstofflieferanten, sie binden auch \u00fcbersch\u00fcssige N\u00e4hrstoffe und bewirken so, dass das Wasser klar bleibt.<\/p>\n<p><img loading=\"lazy\" decoding=\"async\" class=\"alignleft size-full wp-image-8762\" src=\"http:\/\/www.rathgeber-balance.de\/bloggen\/wp-content\/uploads\/2022\/07\/IMG_9700bp300.jpg\" alt=\"\" width=\"300\" height=\"200\" \/>Ein Miniteich sollte im Halbschatten stehen, damit sich das Wasser nicht zu sehr erw\u00e4rmt. Und m\u00f6glichst auch nicht unter B\u00e4umen, da sonst das Wasser durch Bl\u00e4tter, Bl\u00fcten und Pollen verunreinigt wird.<br \/>\nVerwendet man \u2013 wie wir &#8211; ein altes, halbiertes Weinfass, sollte es auf Steinen, Holz oder Kies stehen, damit es von unten bel\u00fcftet wird. Wir haben uns f\u00fcr eine quadratische (50 x 50 cm) gro\u00dfe Holzpaneele aus dem Baumarkt entschieden.<br \/>\nDer feine Kies zum Auskleiden des Fassbodens sollte sehr oft gewaschen werden, bis das Wasser im Eimer klar bleibt.<\/p>\n<p>Als Podest f\u00fcr das Pflanzk\u00f6rbchen und zum Stabilisieren der kleinen Pumpe haben wir einen Sack Granitw\u00fcrfel verwendet. \u00dcbrig gebliebene Steine k\u00f6nnen im Beet als Deko ausgebracht werden.<br \/>\nDer Randbereich des Fasses wird am Schluss mit gr\u00f6\u00dferen, beigefarbenen Kieselsteinen ausgelegt. Das passt gut zum Fass und schafft einen sch\u00f6nen \u00dcbergang zum Erdreich.<\/p>\n<p><img loading=\"lazy\" decoding=\"async\" class=\"alignleft size-full wp-image-8719\" src=\"http:\/\/www.rathgeber-balance.de\/bloggen\/wp-content\/uploads\/2022\/07\/IMG_9529-Blog.jpg\" alt=\"\" width=\"300\" height=\"200\" \/>Den angrenzenden (Ufer-)Bereich mit den neuen, wei\u00dfbl\u00fchenden Pfl\u00e4nzchen <em>(Cymbalaria pallida \u201aAlbiflora\u2018)<\/em> &#8211; Zimbelkraut &#8211; habe ich im Halbkreis mit den \u00fcbrigen Granitsteinen eingefasst.<br \/>\nSo ist ein zweites kleines Areal entstanden. Zimbelkraut gedeiht auf frischem oder trockenem Boden.<\/p>\n<p><img loading=\"lazy\" decoding=\"async\" class=\"alignleft size-full wp-image-8757\" src=\"http:\/\/www.rathgeber-balance.de\/bloggen\/wp-content\/uploads\/2022\/07\/IMG_9697h300.jpg\" alt=\"\" width=\"300\" height=\"200\" \/>Das Minteichstet-K\u00f6rbchen besteht aus vier Jungwasserpflanzen und wird in einer Tiefe von \u2013 20 cm platziert.<br \/>\nBald ist der Austrieb sichtbar.<br \/>\nNun kann vorsichtig Wasser eingef\u00fcllt werden.<br \/>\nZum Schluss habe ich Hornkraut und Wasserlinsenstrauch reingegeben, die dicht unter der Oberfl\u00e4che treiben.<\/p>\n<p>Die kleine Pumpe erzeugt einen niedrigen \u201eKegel\u201c, der das Wasser in Bewegung h\u00e4lt. Das leise Pl\u00e4tschern ist mehr als dezent.<\/p>\n<p>Sp\u00e4testens wenn es richtig frostig wird, muss der Miniteich allerdings winterfest gemacht werden.<br \/>\nWasserpflanzen ben\u00f6tigen ein k\u00fchles Winterquartier, das durchaus dunkel sein darf. Nach dem Schneiden der Bl\u00e4tter und Ranken bleibt nur noch das Pflanzk\u00f6rbchen mit dem Substrat und den Wurzeln \u00fcbrig. Die Pflanzen kommen in einen M\u00f6rteleimer und werden feucht gehalten. Ebenso werde ich es mit dem Hornblatt versuchen.<\/p>\n<p>Das Holzfass wird anschlie\u00dfend entleert und auf den Kopf gestellt.<br \/>\nUnter den Rand kommen noch einige Holzlatten und gr\u00f6\u00dfere Steine, damit die Luft zirkulieren kann.<\/p>\n<p>Es hei\u00dft, dass sich bei Regen eine kleine Pf\u00fctze auf dem Fassboden bilden w\u00fcrde, was aufgrund der konkaven Form nicht schadet.<br \/>\nIch bin gespannt, ob im Winter V\u00f6gelchen das Wasser nutzen werden.<\/p>\n<p><img loading=\"lazy\" decoding=\"async\" class=\"alignleft size-full wp-image-8755\" src=\"http:\/\/www.rathgeber-balance.de\/bloggen\/wp-content\/uploads\/2022\/07\/IMG_9698h.jpg\" alt=\"\" width=\"300\" height=\"200\" \/>Als Gestaltungselement hat der frisch angelegte Miniteich im urigen Holzfass in Kombination mit den Steinen den Naturgarten-Charakter ein St\u00fcckchen weiter hervorgehoben.<\/p>\n<p>&nbsp;<\/p>\n","protected":false},"excerpt":{"rendered":"<p>Wir haben einige, teils kleinere Wasserstellen im Garten, die von tierischen Bewohnern nur zu gerne angenommen werden.<\/p>\n","protected":false},"author":1,"featured_media":0,"comment_status":"open","ping_status":"open","sticky":false,"template":"","format":"standard","meta":{"footnotes":""},"categories":[206],"tags":[],"class_list":["post-8711","post","type-post","status-publish","format-standard","hentry","category-gartenskizzen"],"_links":{"self":[{"href":"https:\/\/www.rathgeber-balance.de\/bloggen\/wp-json\/wp\/v2\/posts\/8711","targetHints":{"allow":["GET"]}}],"collection":[{"href":"https:\/\/www.rathgeber-balance.de\/bloggen\/wp-json\/wp\/v2\/posts"}],"about":[{"href":"https:\/\/www.rathgeber-balance.de\/bloggen\/wp-json\/wp\/v2\/types\/post"}],"author":[{"embeddable":true,"href":"https:\/\/www.rathgeber-balance.de\/bloggen\/wp-json\/wp\/v2\/users\/1"}],"replies":[{"embeddable":true,"href":"https:\/\/www.rathgeber-balance.de\/bloggen\/wp-json\/wp\/v2\/comments?post=8711"}],"version-history":[{"count":19,"href":"https:\/\/www.rathgeber-balance.de\/bloggen\/wp-json\/wp\/v2\/posts\/8711\/revisions"}],"predecessor-version":[{"id":8966,"href":"https:\/\/www.rathgeber-balance.de\/bloggen\/wp-json\/wp\/v2\/posts\/8711\/revisions\/8966"}],"wp:attachment":[{"href":"https:\/\/www.rathgeber-balance.de\/bloggen\/wp-json\/wp\/v2\/media?parent=8711"}],"wp:term":[{"taxonomy":"category","embeddable":true,"href":"https:\/\/www.rathgeber-balance.de\/bloggen\/wp-json\/wp\/v2\/categories?post=8711"},{"taxonomy":"post_tag","embeddable":true,"href":"https:\/\/www.rathgeber-balance.de\/bloggen\/wp-json\/wp\/v2\/tags?post=8711"}],"curies":[{"name":"wp","href":"https:\/\/api.w.org\/{rel}","templated":true}]}}