{"id":8991,"date":"2023-02-27T11:43:23","date_gmt":"2023-02-27T10:43:23","guid":{"rendered":"https:\/\/www.rathgeber-balance.de\/bloggen\/?p=8991"},"modified":"2023-03-01T09:20:39","modified_gmt":"2023-03-01T08:20:39","slug":"vorfruehling-2","status":"publish","type":"post","link":"https:\/\/www.rathgeber-balance.de\/bloggen\/impressionen\/vorfruehling-2\/","title":{"rendered":"Meteorologischer Fr\u00fchling"},"content":{"rendered":"<p><img loading=\"lazy\" decoding=\"async\" class=\"alignleft size-full wp-image-8993\" src=\"http:\/\/www.rathgeber-balance.de\/bloggen\/wp-content\/uploads\/2023\/02\/IMG_1173zb.jpg\" alt=\"\" width=\"300\" height=\"200\" \/>Bald ist meteorologischer Fr\u00fchlingsanfang, der auf den 1. M\u00e4rz datiert ist. <!--more--><br \/>\nMeteorologen verwenden diese k\u00fcnstliche Einteilung, um vier konstante Jahreszeiten zu erzeugen und Vergleiche damit anstellen zu k\u00f6nnen.<\/p>\n<p>Der kalendarische Fr\u00fchlingsanfang richtet sich nach der Tagundnachtgleiche und f\u00e4llt daher jedes Jahr auf ein anderes Datum, heuer am 20. M\u00e4rz 2023.<\/p>\n<p>Viele sehnen diesen Zeitpunkt herbei, ich selbst mag den Winter mit seiner Ruhe, den einzelnen Blickpunkten im Garten, die so an Bedeutung gewinnen und der Vorfreude auf das neue Gartenjahr. Allerdings getr\u00fcbt durch den Klimawandel und die damit verbundenen Einschr\u00e4nkungen und Ver\u00e4nderungen.<\/p>\n<p>Da derzeit Winter zur\u00fcckgekehrt ist mit frischen Temperaturen, eisgem Wind und ein wenig Schnee, ist die Gartenarbeit nach hinten verschoben.<\/p>\n<p>Die Schneegl\u00f6ckchenbl\u00fcte ist fast vor\u00fcber, ebenso die der Krokusse. Die seidigen Bl\u00fcten liegen teils flach am Boden.<\/p>\n<p><img loading=\"lazy\" decoding=\"async\" class=\"alignleft size-full wp-image-8994\" src=\"http:\/\/www.rathgeber-balance.de\/bloggen\/wp-content\/uploads\/2023\/02\/IMG_1301ba.jpg\" alt=\"\" width=\"300\" height=\"200\" \/>Wundersch\u00f6n und ausdauernd ist die Bl\u00fcte von Fr\u00fchlingsalpenveilchen <em>Cylamen coum.<\/em> Es ist eine h\u00fcbsche, zierliche Staude, die ihre rosa, zyklam- oder wei\u00dffarbenen Bl\u00fcten sehr fr\u00fch im Jahr zu Schau stellt.<\/p>\n<p>Man kann es auch Sp\u00e4twinter-Alpenveilchen nennen, denn es bl\u00fcht zeitgleich mit Schneegl\u00f6ckchen und Winterlingen. Das gl\u00e4nzende Laub breitet sich allm\u00e4hlich fl\u00e4chendeckend aus, die Bl\u00e4tter ziehen im Fr\u00fchsommer wieder ein.<\/p>\n<p>Was ich nicht ein einziges Mal habe ausfallen lassen diese Saison, war das Winterbaden.<br \/>\nMeist zu Anfang der Woche am fr\u00fchen Vormittag wird der kleine, idyllisch gelegene Badesee aufgesucht.<\/p>\n<p>Die Wassertemperaturen, die derzeit um den Gefrierpunkt liegen, sind kein Problem, auch nicht, ein paar Bahnen parallel zum Ufer zu schwimmen. Wie immer leisten Enten Gesellschaft.<br \/>\nUngem\u00fctlicher ist es am Ufer im Freien, wenn bei Minusgraden der Wind ruppig \u00fcber die Haut f\u00e4hrt. Dann kann es nicht schnell genug gehen, sich aus dem nassen Anzug zu sch\u00e4len, in trockene Kleidung zu schl\u00fcpfen nach dem m\u00fchsamen Prozess des Abtrocknens, noch dazu wo sich eine Schar Spazierg\u00e4nger mit Hund ank\u00fcndigt. Man kann sie schon von weitem h\u00f6ren.<br \/>\nDann werden ein paar Worte gewechselt \u00fcber Sinn und Unsinn von Winterbaden und ich mache mich beschwingt auf den Heimweg.<\/p>\n<p><img loading=\"lazy\" decoding=\"async\" class=\"alignleft size-full wp-image-8998\" src=\"http:\/\/www.rathgeber-balance.de\/bloggen\/wp-content\/uploads\/2023\/02\/IMG_1290.jpg\" alt=\"\" width=\"300\" height=\"200\" \/>Wieder ein St\u00fcck durch den friedlichen Wald. Das Vogelzwitschern ist bereits Routine geworden und k\u00fcndigt den nahenden Fr\u00fchling an.<br \/>\nUnd auch das Gef\u00fchl, froh zu sein, sich \u00fcberwunden zu haben trotz der eisigen Temperaturen.<\/p>\n<p>Ich bin gespannt, wann das\u00a0 Winterbaden kein Winterbaden mehr sein wird. Wann es in ein ausgedehntes Schwimmen am See \u00fcbergehen wird, was eine v\u00f6llig neue Erfahrung sein wird.<br \/>\n<img loading=\"lazy\" decoding=\"async\" class=\"alignleft size-full wp-image-8999\" src=\"http:\/\/www.rathgeber-balance.de\/bloggen\/wp-content\/uploads\/2023\/02\/IMG_1292b.jpg\" alt=\"\" width=\"300\" height=\"200\" \/>Dann wieder p\u00fcnktlich zu Wochenbeginn morgens um 9 Uhr\u2026<\/p>\n","protected":false},"excerpt":{"rendered":"<p>Bald ist meteorologischer Fr\u00fchlingsanfang, der auf den 1. M\u00e4rz datiert ist.<\/p>\n","protected":false},"author":1,"featured_media":0,"comment_status":"open","ping_status":"open","sticky":false,"template":"","format":"standard","meta":{"footnotes":""},"categories":[7],"tags":[312,311,313,305],"class_list":["post-8991","post","type-post","status-publish","format-standard","hentry","category-impressionen","tag-cyclamen-coum","tag-fruehlingsalpenveilchen","tag-meteorologischer-fruehling","tag-winterbaden"],"_links":{"self":[{"href":"https:\/\/www.rathgeber-balance.de\/bloggen\/wp-json\/wp\/v2\/posts\/8991","targetHints":{"allow":["GET"]}}],"collection":[{"href":"https:\/\/www.rathgeber-balance.de\/bloggen\/wp-json\/wp\/v2\/posts"}],"about":[{"href":"https:\/\/www.rathgeber-balance.de\/bloggen\/wp-json\/wp\/v2\/types\/post"}],"author":[{"embeddable":true,"href":"https:\/\/www.rathgeber-balance.de\/bloggen\/wp-json\/wp\/v2\/users\/1"}],"replies":[{"embeddable":true,"href":"https:\/\/www.rathgeber-balance.de\/bloggen\/wp-json\/wp\/v2\/comments?post=8991"}],"version-history":[{"count":26,"href":"https:\/\/www.rathgeber-balance.de\/bloggen\/wp-json\/wp\/v2\/posts\/8991\/revisions"}],"predecessor-version":[{"id":9025,"href":"https:\/\/www.rathgeber-balance.de\/bloggen\/wp-json\/wp\/v2\/posts\/8991\/revisions\/9025"}],"wp:attachment":[{"href":"https:\/\/www.rathgeber-balance.de\/bloggen\/wp-json\/wp\/v2\/media?parent=8991"}],"wp:term":[{"taxonomy":"category","embeddable":true,"href":"https:\/\/www.rathgeber-balance.de\/bloggen\/wp-json\/wp\/v2\/categories?post=8991"},{"taxonomy":"post_tag","embeddable":true,"href":"https:\/\/www.rathgeber-balance.de\/bloggen\/wp-json\/wp\/v2\/tags?post=8991"}],"curies":[{"name":"wp","href":"https:\/\/api.w.org\/{rel}","templated":true}]}}