{"id":9193,"date":"2023-09-03T13:56:42","date_gmt":"2023-09-03T11:56:42","guid":{"rendered":"https:\/\/www.rathgeber-balance.de\/bloggen\/?p=9193"},"modified":"2023-09-16T09:03:51","modified_gmt":"2023-09-16T07:03:51","slug":"september-der-mai-des-herbstes","status":"publish","type":"post","link":"https:\/\/www.rathgeber-balance.de\/bloggen\/impressionen\/september-der-mai-des-herbstes\/","title":{"rendered":"September, der &#8222;Mai des Herbstes&#8220;"},"content":{"rendered":"<p><img loading=\"lazy\" decoding=\"async\" class=\"alignleft size-full wp-image-9194\" src=\"http:\/\/www.rathgeber-balance.de\/bloggen\/wp-content\/uploads\/2023\/09\/IMG_2968bBeere.jpg\" alt=\"\" width=\"300\" height=\"200\" \/>Der meteorologische Herbstanfang (1. September) hat mit ruhigem, sonnigem Sp\u00e4tsommerwetter begonnen. <!--more--><\/p>\n<p>Nach der l\u00e4ngeren Hitzeperiode mit anschlie\u00dfenden Unwettern bedeutet dies eine Erholung.<br \/>\nDie Tage werden sp\u00fcrbar k\u00fcrzer, nachts sinken die Temperaturen bereits wieder stark ab, so dass der Rasen fr\u00fchmorgens voller Tau ist.<br \/>\nDie Natur entspannt sich und wartet mit Bl\u00fcten und Beeren und den ersten verf\u00e4rbten Bl\u00e4ttern auf.<\/p>\n<p>Allerdings liegt auch ein Hauch von Wehmut in der Luft durch die Tatsache, dass sich ein neuer Abschnitt anbahnt gemischt mit Vorfreude auf die ruhigere Zeit.<\/p>\n<p><img loading=\"lazy\" decoding=\"async\" class=\"alignleft size-full wp-image-9198\" src=\"http:\/\/www.rathgeber-balance.de\/bloggen\/wp-content\/uploads\/2023\/09\/IMG_2981bhoch.jpg\" alt=\"\" width=\"300\" height=\"450\" srcset=\"https:\/\/www.rathgeber-balance.de\/bloggen\/wp-content\/uploads\/2023\/09\/IMG_2981bhoch.jpg 300w, https:\/\/www.rathgeber-balance.de\/bloggen\/wp-content\/uploads\/2023\/09\/IMG_2981bhoch-200x300.jpg 200w\" sizes=\"auto, (max-width: 300px) 100vw, 300px\" \/>Das Gartenjahr ist nat\u00fcrlich l\u00e4ngst nicht zu Ende. Bodendeckerstauden wie Purpurgl\u00f6ckchen, Storchschnabel, Elfenblume oder Kr\u00e4uter haben nicht vor sich zur\u00fcckzuziehen.<br \/>\nAstern laufen zu ihrer Hochform auf begleitet von Silberkerzen und Kr\u00f6tenlilien<em> Tricyrtis hirta,<\/em> deren zarten Bl\u00fcten Orchideen \u00e4hneln. Sie gedeihen im Schatten, tolerieren aber auch Sonnenpl\u00e4tze.<\/p>\n<p>Wachsglocken <em>Kirengeshoma palmata,<\/em> mit breiten Bl\u00e4ttern bedecken gro\u00dfz\u00fcgig Schatttenbeete, wobei die zitronengelben Bl\u00fcten nun im September die Ecken aufhellen.<br \/>\nEs sind Hortensiengew\u00e4chse, die einen gleichm\u00e4\u00dfig feuchten, gemulchten Boden ben\u00f6tigen und bei Trockenheit gegossen werden sollten.<\/p>\n<p><img loading=\"lazy\" decoding=\"async\" class=\"alignleft size-full wp-image-9200\" src=\"http:\/\/www.rathgeber-balance.de\/bloggen\/wp-content\/uploads\/2023\/09\/IMG_2978BVerbene.jpg\" alt=\"\" width=\"300\" height=\"200\" \/>Im Kr\u00e4utergarten f\u00e4llt mir besonders Zitronenverbene <em>Aloysia citodora<\/em> auf, ein altes Heil- und Gew\u00fcrzkraut, dessen Bl\u00fcten und Bl\u00e4tter einen zitronigen Duft verstr\u00f6men.<br \/>\nSie geh\u00f6rt zur Familie der Eisenkrautgew\u00e4chse <em>Verbenaceae, <\/em>ist in S\u00fcdamerika beheimatet und wird auch Zitronenstrauch, Zitronenblatt oder Verbenenkraut genannt.<\/p>\n<p>Kulinarisch wird das Kraut als Tee genossen (franz. Verveine-Tee), aromatisiert aufgrund des fruchtigen Aromas Bowlen, Obstdesserts, S\u00fc\u00dfspeisen oder Gelees.<br \/>\nIm naturnahen Garten lockt der Duft von Zitronenverbene eine F\u00fclle von N\u00fctzlingen wie Bienen, Hummeln und Schmetterlinge an.<br \/>\nAuch in Potpourris oder im Kr\u00e4uterkissen zusammen mit anderen Kr\u00e4utern und Bl\u00fcten macht sich das Aroma der Pflanze gut.<\/p>\n<p>Die Pflanze ist allerdings nur bedingt winterhart und vertr\u00e4gt keine Staun\u00e4sse.<br \/>\nDarum setze ich meine beiden Zitronenverbenen im Herbst in T\u00f6pfe und \u00fcberwintere sie im Kalthaus.Die M\u00fche lohnt sich, im Fr\u00fchjahr treiben die Pflanzen sehr sp\u00e4t aus und vertragen keine Maifr\u00f6ste. Dann allerdings sind sie eine Zierde im Kr\u00e4utergarten bis zum ersten Forst.<\/p>\n<p>Auch am Teich hat sich die Lage entspannt, denn die neu gewachsenen Bl\u00e4tter der beiden Seerosen scheinen wieder gesund zu sein, auch wenn die kleinen Fischchen sich zu gerne daran bedienen.<br \/>\nEine exotisch anmutende Lotospflanze hat sich dazugesellt, allerdings in einem Pflanzkorb am Rande des Teiches, der dann im Winter herausgenommen wird.<\/p>\n<p><img loading=\"lazy\" decoding=\"async\" class=\"alignleft size-full wp-image-9205\" src=\"http:\/\/www.rathgeber-balance.de\/bloggen\/wp-content\/uploads\/2023\/09\/IMG_2929aneuaa.jpg\" alt=\"\" width=\"300\" height=\"200\" \/>Ein wenig lichtet es sich im Garten und nach der \u00fcppigen Vielfalt der Sommermonate r\u00fccken auch kleinere Details\u00a0 verst\u00e4rkt in den Vordergrund.<br \/>\nJetzt z\u00e4hlt wieder jeden Schatz,im Garten sei es eine sp\u00e4te Bl\u00fcte, ein Produkt aus der Naturk\u00fcche oder eine naturkosmetische Formulierung wie beispielsweise Rosen\u00f6lauszug, der wunderbar s\u00e4uerlich duftet.<\/p>\n<p>&nbsp;<\/p>\n","protected":false},"excerpt":{"rendered":"<p>Der meteorologische Herbstanfang (1. September) hat mit ruhigem, sonnigem Sp\u00e4tsommerwetter begonnen.<\/p>\n","protected":false},"author":1,"featured_media":0,"comment_status":"open","ping_status":"open","sticky":false,"template":"","format":"standard","meta":{"footnotes":""},"categories":[7],"tags":[],"class_list":["post-9193","post","type-post","status-publish","format-standard","hentry","category-impressionen"],"_links":{"self":[{"href":"https:\/\/www.rathgeber-balance.de\/bloggen\/wp-json\/wp\/v2\/posts\/9193","targetHints":{"allow":["GET"]}}],"collection":[{"href":"https:\/\/www.rathgeber-balance.de\/bloggen\/wp-json\/wp\/v2\/posts"}],"about":[{"href":"https:\/\/www.rathgeber-balance.de\/bloggen\/wp-json\/wp\/v2\/types\/post"}],"author":[{"embeddable":true,"href":"https:\/\/www.rathgeber-balance.de\/bloggen\/wp-json\/wp\/v2\/users\/1"}],"replies":[{"embeddable":true,"href":"https:\/\/www.rathgeber-balance.de\/bloggen\/wp-json\/wp\/v2\/comments?post=9193"}],"version-history":[{"count":9,"href":"https:\/\/www.rathgeber-balance.de\/bloggen\/wp-json\/wp\/v2\/posts\/9193\/revisions"}],"predecessor-version":[{"id":9211,"href":"https:\/\/www.rathgeber-balance.de\/bloggen\/wp-json\/wp\/v2\/posts\/9193\/revisions\/9211"}],"wp:attachment":[{"href":"https:\/\/www.rathgeber-balance.de\/bloggen\/wp-json\/wp\/v2\/media?parent=9193"}],"wp:term":[{"taxonomy":"category","embeddable":true,"href":"https:\/\/www.rathgeber-balance.de\/bloggen\/wp-json\/wp\/v2\/categories?post=9193"},{"taxonomy":"post_tag","embeddable":true,"href":"https:\/\/www.rathgeber-balance.de\/bloggen\/wp-json\/wp\/v2\/tags?post=9193"}],"curies":[{"name":"wp","href":"https:\/\/api.w.org\/{rel}","templated":true}]}}