{"id":9301,"date":"2024-02-02T13:19:48","date_gmt":"2024-02-02T12:19:48","guid":{"rendered":"https:\/\/www.rathgeber-balance.de\/bloggen\/?p=9301"},"modified":"2024-02-02T13:36:33","modified_gmt":"2024-02-02T12:36:33","slug":"maria-lichtmess","status":"publish","type":"post","link":"https:\/\/www.rathgeber-balance.de\/bloggen\/impressionen\/maria-lichtmess\/","title":{"rendered":"Maria Lichtmess"},"content":{"rendered":"<p><img loading=\"lazy\" decoding=\"async\" class=\"alignleft size-full wp-image-9302\" src=\"http:\/\/www.rathgeber-balance.de\/bloggen\/wp-content\/uploads\/2024\/02\/IMG_2369a300-1.jpg\" alt=\"\" width=\"300\" height=\"200\" \/>Am 2. Februar \u2013 vierzig Tage nach Weihnachten &#8211; ist Maria Lichtmess.<!--more--><\/p>\n<p>Im Kirchenkalender ist \u201eMari\u00e4 Lichtmess\u201c ein wichtiger Tag, da die Weihnachtszeit offiziell endet.<br \/>\nTraditionell wird der Jahresbedarf an Kerzen und f\u00fcr den privaten Gebrauch geweiht.<\/p>\n<p>Und sp\u00e4testens jetzt ist deutlich bemerkbar, wie die Tage an L\u00e4nge gewonnen haben.<br \/>\nSeit der Wintersonnwende am 22.12.23 um eine ganze Stunde.<\/p>\n<p>Der Winter neigt sich dem Ende zu.<br \/>\nSchneegl\u00f6ckchen als zuverl\u00e4ssige Boten des Fr\u00fchlings zeugen davon. Man nennt sie auch \u201eLichtmess-Gl\u00f6ckchen\u201c.<\/p>\n<p>Die Bl\u00fcte der Schneegl\u00f6ckchen\u00a0zeigt im ph\u00e4nologischen Kalender, der sich mit regionalen, regelm\u00e4\u00dfig wiederkehrenden Entwicklungserscheinungen der Natur besch\u00e4ftigt, den Beginn des Vorfr\u00fchlings an. Auch die Bl\u00fcte der Hasel ist ein Indiz hierf\u00fcr.<\/p>\n<p>Langsam kann auch an das Vorziehen gedacht werden.<br \/>\nDahlienknollen habe ich bereits gew\u00e4ssert und in T\u00f6pfe mit einer Erde\/Sandmischung gesetzt. Die stehen derzeit im Kalthaus.<\/p>\n<p>Die im Sp\u00e4tsommer abgenommen Samen einer Dahliensorte kommen wieder in Anzuchtschalen f\u00fcrs Zimmer.<br \/>\nDie Dahlien haben letztes Jahr wundersch\u00f6n gebl\u00fcht und viele Insekten angezogen.<br \/>\nLevkojen d\u00fcrfen auch nicht fehlen. Auch sie kommen in die Anzuchtschalen.<\/p>\n<p><img loading=\"lazy\" decoding=\"async\" class=\"alignleft size-full wp-image-9303\" src=\"http:\/\/www.rathgeber-balance.de\/bloggen\/wp-content\/uploads\/2024\/02\/IMG_0893ba.jpg\" alt=\"\" width=\"300\" height=\"200\" \/>Im Freien \u00f6ffnet Fr\u00fchlingsalpenveilchen <em>Cyclamen coum<\/em> z\u00f6gerlich seine purpurfarbenen Bl\u00fcten.<br \/>\nDas Fr\u00fchlings Alpenveilchen ist eine h\u00fcbsche fr\u00fch bl\u00fchende Staude, die ihre zarten Bl\u00fcten ab Ende Januar zeigt.<br \/>\nFast genauso schm\u00fcckend wie die Bl\u00fcten ist auch die wintergr\u00fcne Belaubung aus dunkelgr\u00fcnen Bl\u00e4ttern.<\/p>\n<p>Die Winterruhe ist vorbei, t\u00e4glich gibt es neue \u00dcberraschungen im Garten und in der freien Natur zu entdecken.<br \/>\n<img loading=\"lazy\" decoding=\"async\" class=\"alignleft size-full wp-image-9305\" src=\"http:\/\/www.rathgeber-balance.de\/bloggen\/wp-content\/uploads\/2024\/02\/IMG_4349bab.jpg\" alt=\"\" width=\"300\" height=\"200\" \/>Um ein bisschen nachzuhelfen, habe ich einige Tag- und Nachtschatten und Primeln in T\u00f6pfchen gepflanzt.<\/p>\n<p>Und dennoch ist es noch Winter wenn auch mit einem Hauch von Fr\u00fchling vermischt.<\/p>\n<p>&nbsp;<\/p>\n","protected":false},"excerpt":{"rendered":"<p>Am 2. Februar \u2013 vierzig Tage nach Weihnachten &#8211; ist Maria Lichtmess.<\/p>\n","protected":false},"author":1,"featured_media":0,"comment_status":"open","ping_status":"open","sticky":false,"template":"","format":"standard","meta":{"footnotes":""},"categories":[7],"tags":[323],"class_list":["post-9301","post","type-post","status-publish","format-standard","hentry","category-impressionen","tag-maria-lichtmess"],"_links":{"self":[{"href":"https:\/\/www.rathgeber-balance.de\/bloggen\/wp-json\/wp\/v2\/posts\/9301","targetHints":{"allow":["GET"]}}],"collection":[{"href":"https:\/\/www.rathgeber-balance.de\/bloggen\/wp-json\/wp\/v2\/posts"}],"about":[{"href":"https:\/\/www.rathgeber-balance.de\/bloggen\/wp-json\/wp\/v2\/types\/post"}],"author":[{"embeddable":true,"href":"https:\/\/www.rathgeber-balance.de\/bloggen\/wp-json\/wp\/v2\/users\/1"}],"replies":[{"embeddable":true,"href":"https:\/\/www.rathgeber-balance.de\/bloggen\/wp-json\/wp\/v2\/comments?post=9301"}],"version-history":[{"count":5,"href":"https:\/\/www.rathgeber-balance.de\/bloggen\/wp-json\/wp\/v2\/posts\/9301\/revisions"}],"predecessor-version":[{"id":9311,"href":"https:\/\/www.rathgeber-balance.de\/bloggen\/wp-json\/wp\/v2\/posts\/9301\/revisions\/9311"}],"wp:attachment":[{"href":"https:\/\/www.rathgeber-balance.de\/bloggen\/wp-json\/wp\/v2\/media?parent=9301"}],"wp:term":[{"taxonomy":"category","embeddable":true,"href":"https:\/\/www.rathgeber-balance.de\/bloggen\/wp-json\/wp\/v2\/categories?post=9301"},{"taxonomy":"post_tag","embeddable":true,"href":"https:\/\/www.rathgeber-balance.de\/bloggen\/wp-json\/wp\/v2\/tags?post=9301"}],"curies":[{"name":"wp","href":"https:\/\/api.w.org\/{rel}","templated":true}]}}